{"@context":"https:\/\/schema.org\/","@type":"CollectionPage","@id":"https:\/\/www.lestra.sk\/muzi\/#CollectionPage","headline":"Mu\u017ei Category","description":"","url":"https:\/\/www.lestra.sk\/muzi\/","hasPart":[{"@type":"Article","@id":"https:\/\/www.lestra.sk\/chcu-sa-muzi-depilovat\/","headline":"Chc\u00fa sa mu\u017ei depilova\u0165?","url":"https:\/\/www.lestra.sk\/chcu-sa-muzi-depilovat\/","datePublished":"2019-08-24","dateModified":"2023-04-27","mainEntityOfPage":"https:\/\/www.lestra.sk\/chcu-sa-muzi-depilovat\/","author":{"@type":"Person","@id":"https:\/\/www.lestra.sk\/author\/#Person","name":"","url":"https:\/\/www.lestra.sk\/author\/","identifier":1,"image":{"@type":"ImageObject","@id":"https:\/\/secure.gravatar.com\/avatar\/7726f7b8e3ba8979c4cf2ad896cb2e8cc05af8ceb17ce4fb40617b72e0be53b4?s=96&d=mm&r=g","url":"https:\/\/secure.gravatar.com\/avatar\/7726f7b8e3ba8979c4cf2ad896cb2e8cc05af8ceb17ce4fb40617b72e0be53b4?s=96&d=mm&r=g","height":96,"width":96}},"publisher":{"@type":"Organization","name":"lestra.sk","logo":{"@type":"ImageObject","@id":"\/logo.png","url":"\/logo.png","width":600,"height":60}},"image":{"@type":"ImageObject","@id":"https:\/\/www.lestra.sk\/wp-content\/uploads\/img_a306217_w16703_t1568738259.jpg","url":"https:\/\/www.lestra.sk\/wp-content\/uploads\/img_a306217_w16703_t1568738259.jpg","height":0,"width":0},"keywords":null},{"@type":"Article","@id":"https:\/\/www.lestra.sk\/dieta-potrebuje-citit-lasku\/","headline":"Die\u0165a potrebuje c\u00edti\u0165 l\u00e1sku","url":"https:\/\/www.lestra.sk\/dieta-potrebuje-citit-lasku\/","datePublished":"2019-07-08","dateModified":"2023-04-27","mainEntityOfPage":"https:\/\/www.lestra.sk\/dieta-potrebuje-citit-lasku\/","author":{"@type":"Person","@id":"https:\/\/www.lestra.sk\/author\/#Person","name":"","url":"https:\/\/www.lestra.sk\/author\/","identifier":1,"image":{"@type":"ImageObject","@id":"https:\/\/secure.gravatar.com\/avatar\/7726f7b8e3ba8979c4cf2ad896cb2e8cc05af8ceb17ce4fb40617b72e0be53b4?s=96&d=mm&r=g","url":"https:\/\/secure.gravatar.com\/avatar\/7726f7b8e3ba8979c4cf2ad896cb2e8cc05af8ceb17ce4fb40617b72e0be53b4?s=96&d=mm&r=g","height":96,"width":96}},"publisher":{"@type":"Organization","name":"lestra.sk","logo":{"@type":"ImageObject","@id":"\/logo.png","url":"\/logo.png","width":600,"height":60}},"image":{"@type":"ImageObject","@id":"https:\/\/www.lestra.sk\/wp-content\/uploads\/img_a303578_w16698_t1564168314.jpg","url":"https:\/\/www.lestra.sk\/wp-content\/uploads\/img_a303578_w16698_t1564168314.jpg","height":0,"width":0},"keywords":null},{"@type":"Article","@id":"https:\/\/www.lestra.sk\/kazdodenny-nepriatel\/","headline":"Ka\u017edodenn\u00fd nepriate\u013e","url":"https:\/\/www.lestra.sk\/kazdodenny-nepriatel\/","datePublished":"2019-05-25","dateModified":"2023-04-27","mainEntityOfPage":"https:\/\/www.lestra.sk\/kazdodenny-nepriatel\/","author":{"@type":"Person","@id":"https:\/\/www.lestra.sk\/author\/#Person","name":"","url":"https:\/\/www.lestra.sk\/author\/","identifier":1,"image":{"@type":"ImageObject","@id":"https:\/\/secure.gravatar.com\/avatar\/7726f7b8e3ba8979c4cf2ad896cb2e8cc05af8ceb17ce4fb40617b72e0be53b4?s=96&d=mm&r=g","url":"https:\/\/secure.gravatar.com\/avatar\/7726f7b8e3ba8979c4cf2ad896cb2e8cc05af8ceb17ce4fb40617b72e0be53b4?s=96&d=mm&r=g","height":96,"width":96}},"publisher":{"@type":"Organization","name":"lestra.sk","logo":{"@type":"ImageObject","@id":"\/logo.png","url":"\/logo.png","width":600,"height":60}},"image":{"@type":"ImageObject","@id":"https:\/\/www.lestra.sk\/wp-content\/uploads\/img_a302263_w16703_t1561049958.jpg","url":"https:\/\/www.lestra.sk\/wp-content\/uploads\/img_a302263_w16703_t1561049958.jpg","height":0,"width":0},"keywords":null},{"@type":"Article","@id":"https:\/\/www.lestra.sk\/kazdorocna-dilema-kam-na-dovolenku\/","headline":"Ka\u017edoro\u010dn\u00e1 dilema? Kam na dovolenku!","url":"https:\/\/www.lestra.sk\/kazdorocna-dilema-kam-na-dovolenku\/","datePublished":"2019-05-02","dateModified":"2023-04-27","mainEntityOfPage":"https:\/\/www.lestra.sk\/kazdorocna-dilema-kam-na-dovolenku\/","author":{"@type":"Person","@id":"https:\/\/www.lestra.sk\/author\/#Person","name":"","url":"https:\/\/www.lestra.sk\/author\/","identifier":1,"image":{"@type":"ImageObject","@id":"https:\/\/secure.gravatar.com\/avatar\/7726f7b8e3ba8979c4cf2ad896cb2e8cc05af8ceb17ce4fb40617b72e0be53b4?s=96&d=mm&r=g","url":"https:\/\/secure.gravatar.com\/avatar\/7726f7b8e3ba8979c4cf2ad896cb2e8cc05af8ceb17ce4fb40617b72e0be53b4?s=96&d=mm&r=g","height":96,"width":96}},"publisher":{"@type":"Organization","name":"lestra.sk","logo":{"@type":"ImageObject","@id":"\/logo.png","url":"\/logo.png","width":600,"height":60}},"image":{"@type":"ImageObject","@id":"https:\/\/www.lestra.sk\/wp-content\/uploads\/img_a301115_w16789_t1558619985.jpg","url":"https:\/\/www.lestra.sk\/wp-content\/uploads\/img_a301115_w16789_t1558619985.jpg","height":0,"width":0},"keywords":null},{"@type":"Article","@id":"https:\/\/www.lestra.sk\/aj-muzi-chcu-schudnut\/","headline":"Aj mu\u017ei chc\u00fa schudn\u00fa\u0165","url":"https:\/\/www.lestra.sk\/aj-muzi-chcu-schudnut\/","datePublished":"2019-01-27","dateModified":"2023-04-27","mainEntityOfPage":"https:\/\/www.lestra.sk\/aj-muzi-chcu-schudnut\/","author":{"@type":"Person","@id":"https:\/\/www.lestra.sk\/author\/#Person","name":"","url":"https:\/\/www.lestra.sk\/author\/","identifier":1,"image":{"@type":"ImageObject","@id":"https:\/\/secure.gravatar.com\/avatar\/7726f7b8e3ba8979c4cf2ad896cb2e8cc05af8ceb17ce4fb40617b72e0be53b4?s=96&d=mm&r=g","url":"https:\/\/secure.gravatar.com\/avatar\/7726f7b8e3ba8979c4cf2ad896cb2e8cc05af8ceb17ce4fb40617b72e0be53b4?s=96&d=mm&r=g","height":96,"width":96}},"publisher":{"@type":"Organization","name":"lestra.sk","logo":{"@type":"ImageObject","@id":"\/logo.png","url":"\/logo.png","width":600,"height":60}},"image":{"@type":"ImageObject","@id":"https:\/\/www.lestra.sk\/wp-content\/uploads\/img_a298661_w16703_t1553703712.jpg","url":"https:\/\/www.lestra.sk\/wp-content\/uploads\/img_a298661_w16703_t1553703712.jpg","height":0,"width":0},"keywords":null},{"@type":"Article","@id":"https:\/\/www.lestra.sk\/pozor-na-cistenie-usi-vatovou-tycinkou\/","headline":"Pozor na \u010distenie u\u0161i vatovou ty\u010dinkou","url":"https:\/\/www.lestra.sk\/pozor-na-cistenie-usi-vatovou-tycinkou\/","datePublished":"2019-01-25","dateModified":"2023-04-27","mainEntityOfPage":"https:\/\/www.lestra.sk\/pozor-na-cistenie-usi-vatovou-tycinkou\/","author":{"@type":"Person","@id":"https:\/\/www.lestra.sk\/author\/#Person","name":"","url":"https:\/\/www.lestra.sk\/author\/","identifier":1,"image":{"@type":"ImageObject","@id":"https:\/\/secure.gravatar.com\/avatar\/7726f7b8e3ba8979c4cf2ad896cb2e8cc05af8ceb17ce4fb40617b72e0be53b4?s=96&d=mm&r=g","url":"https:\/\/secure.gravatar.com\/avatar\/7726f7b8e3ba8979c4cf2ad896cb2e8cc05af8ceb17ce4fb40617b72e0be53b4?s=96&d=mm&r=g","height":96,"width":96}},"publisher":{"@type":"Organization","name":"lestra.sk","logo":{"@type":"ImageObject","@id":"\/logo.png","url":"\/logo.png","width":600,"height":60}},"image":{"@type":"ImageObject","@id":"https:\/\/www.lestra.sk\/wp-content\/uploads\/img_a298411_w16649_t1553531303.png","url":"https:\/\/www.lestra.sk\/wp-content\/uploads\/img_a298411_w16649_t1553531303.png","height":0,"width":0},"keywords":null},{"@type":"Article","@id":"https:\/\/www.lestra.sk\/neznasam-svoje-budiky\/","headline":"Nezn\u00e1\u0161am svoje bud\u00edky!","url":"https:\/\/www.lestra.sk\/neznasam-svoje-budiky\/","datePublished":"2018-12-06","dateModified":"2023-04-27","mainEntityOfPage":"https:\/\/www.lestra.sk\/neznasam-svoje-budiky\/","author":{"@type":"Person","@id":"https:\/\/www.lestra.sk\/author\/#Person","name":"","url":"https:\/\/www.lestra.sk\/author\/","identifier":1,"image":{"@type":"ImageObject","@id":"https:\/\/secure.gravatar.com\/avatar\/7726f7b8e3ba8979c4cf2ad896cb2e8cc05af8ceb17ce4fb40617b72e0be53b4?s=96&d=mm&r=g","url":"https:\/\/secure.gravatar.com\/avatar\/7726f7b8e3ba8979c4cf2ad896cb2e8cc05af8ceb17ce4fb40617b72e0be53b4?s=96&d=mm&r=g","height":96,"width":96}},"publisher":{"@type":"Organization","name":"lestra.sk","logo":{"@type":"ImageObject","@id":"\/logo.png","url":"\/logo.png","width":600,"height":60}},"image":{"@type":"ImageObject","@id":"https:\/\/www.lestra.sk\/wp-content\/uploads\/img_a296489_w16775_t1549469325.jpg","url":"https:\/\/www.lestra.sk\/wp-content\/uploads\/img_a296489_w16775_t1549469325.jpg","height":0,"width":0},"keywords":null},{"@type":"Article","@id":"https:\/\/www.lestra.sk\/depresia-nechodi-po-horach-ale-aj-po-muzoch\/","headline":"Depresia nechod\u00ed po hor\u00e1ch ale aj po mu\u017eoch","url":"https:\/\/www.lestra.sk\/depresia-nechodi-po-horach-ale-aj-po-muzoch\/","datePublished":"2018-11-18","dateModified":"2023-04-27","mainEntityOfPage":"https:\/\/www.lestra.sk\/depresia-nechodi-po-horach-ale-aj-po-muzoch\/","author":{"@type":"Person","@id":"https:\/\/www.lestra.sk\/author\/#Person","name":"","url":"https:\/\/www.lestra.sk\/author\/","identifier":1,"image":{"@type":"ImageObject","@id":"https:\/\/secure.gravatar.com\/avatar\/7726f7b8e3ba8979c4cf2ad896cb2e8cc05af8ceb17ce4fb40617b72e0be53b4?s=96&d=mm&r=g","url":"https:\/\/secure.gravatar.com\/avatar\/7726f7b8e3ba8979c4cf2ad896cb2e8cc05af8ceb17ce4fb40617b72e0be53b4?s=96&d=mm&r=g","height":96,"width":96}},"publisher":{"@type":"Organization","name":"lestra.sk","logo":{"@type":"ImageObject","@id":"\/logo.png","url":"\/logo.png","width":600,"height":60}},"image":{"@type":"ImageObject","@id":"https:\/\/www.lestra.sk\/wp-content\/uploads\/img_a295739_w16646_t1547817556.jpg","url":"https:\/\/www.lestra.sk\/wp-content\/uploads\/img_a295739_w16646_t1547817556.jpg","height":0,"width":0},"keywords":null},{"@type":"Article","@id":"https:\/\/www.lestra.sk\/herpes-zoster-alebo-pasovy-opar\/","headline":"Herpes zoster, alebo p\u00e1sov\u00fd opar","url":"https:\/\/www.lestra.sk\/herpes-zoster-alebo-pasovy-opar\/","datePublished":"2018-11-03","dateModified":"2023-04-27","mainEntityOfPage":"https:\/\/www.lestra.sk\/herpes-zoster-alebo-pasovy-opar\/","author":{"@type":"Person","@id":"https:\/\/www.lestra.sk\/author\/#Person","name":"","url":"https:\/\/www.lestra.sk\/author\/","identifier":1,"image":{"@type":"ImageObject","@id":"https:\/\/secure.gravatar.com\/avatar\/7726f7b8e3ba8979c4cf2ad896cb2e8cc05af8ceb17ce4fb40617b72e0be53b4?s=96&d=mm&r=g","url":"https:\/\/secure.gravatar.com\/avatar\/7726f7b8e3ba8979c4cf2ad896cb2e8cc05af8ceb17ce4fb40617b72e0be53b4?s=96&d=mm&r=g","height":96,"width":96}},"publisher":{"@type":"Organization","name":"lestra.sk","logo":{"@type":"ImageObject","@id":"\/logo.png","url":"\/logo.png","width":600,"height":60}},"image":{"@type":"ImageObject","@id":"https:\/\/www.lestra.sk\/wp-content\/uploads\/img_a295283_w16500_t1546535435.jpg","url":"https:\/\/www.lestra.sk\/wp-content\/uploads\/img_a295283_w16500_t1546535435.jpg","height":0,"width":0},"keywords":null},{"@type":"Article","@id":"https:\/\/www.lestra.sk\/nechajte-farby-aby-vam-podporili-naladu\/","headline":"Nechajte farby, aby V\u00e1m podporili n\u00e1ladu!","url":"https:\/\/www.lestra.sk\/nechajte-farby-aby-vam-podporili-naladu\/","datePublished":"2017-12-21","dateModified":"2023-04-27","mainEntityOfPage":"https:\/\/www.lestra.sk\/nechajte-farby-aby-vam-podporili-naladu\/","author":{"@type":"Person","@id":"https:\/\/www.lestra.sk\/author\/#Person","name":"","url":"https:\/\/www.lestra.sk\/author\/","identifier":1,"image":{"@type":"ImageObject","@id":"https:\/\/secure.gravatar.com\/avatar\/7726f7b8e3ba8979c4cf2ad896cb2e8cc05af8ceb17ce4fb40617b72e0be53b4?s=96&d=mm&r=g","url":"https:\/\/secure.gravatar.com\/avatar\/7726f7b8e3ba8979c4cf2ad896cb2e8cc05af8ceb17ce4fb40617b72e0be53b4?s=96&d=mm&r=g","height":96,"width":96}},"publisher":{"@type":"Organization","name":"lestra.sk","logo":{"@type":"ImageObject","@id":"\/logo.png","url":"\/logo.png","width":600,"height":60}},"image":{"@type":"ImageObject","@id":"https:\/\/www.lestra.sk\/wp-content\/uploads\/img_a284422_w16509_t1516019860.jpg","url":"https:\/\/www.lestra.sk\/wp-content\/uploads\/img_a284422_w16509_t1516019860.jpg","height":0,"width":0},"keywords":null}]}